{"id":1036,"date":"2026-09-01T11:19:55","date_gmt":"2026-09-01T09:19:55","guid":{"rendered":"https:\/\/cdje33.fr\/?p=1036"},"modified":"2026-09-01T11:19:55","modified_gmt":"2026-09-01T09:19:55","slug":"formations-cdos-2","status":"publish","type":"post","link":"https:\/\/cdje33.fr\/index.php\/2026\/09\/01\/formations-cdos-2\/","title":{"rendered":"Formations CDOS"},"content":{"rendered":"\n<p class=\"wp-block-paragraph\">Le CDOS Gironde propose des formations vari\u00e9es,&nbsp;<strong>destin\u00e9es aux associations sportives et non sportives<\/strong>, pour les b\u00e9n\u00e9voles, les dirigeants, les salari\u00e9s\u2026<\/p>\n\n\n\n<p class=\"wp-block-paragraph\"><strong><\/strong><strong>Le calendrier et programme de l\u2019ensemble des formations propos\u00e9es pour la saison 2026\/2027&nbsp;<\/strong>vous sont pr\u00e9sent\u00e9s ci-dessous.<\/p>\n\n\n\n<p class=\"wp-block-paragraph\"><strong><u>D\u00e9tails et inscriptions OBLIGATOIRES en ligne<\/u><\/strong><strong>&nbsp;:&nbsp;<\/strong><\/p>\n\n\n\n<p class=\"wp-block-paragraph\"><strong>Cliquez sur le titre de la th\u00e9matique&nbsp;<\/strong><strong>(un lien Internet ouvrira la page de la formation)<\/strong><\/p>\n\n\n\n<p class=\"wp-block-paragraph\">Possibilit\u00e9 de vous inscrire \u00e0 une ou plusieurs formations de votre choix.<\/p>\n\n\n\n<p class=\"wp-block-paragraph\"><strong>Chaque formation (hors Certif&rsquo;Asso) fait l&rsquo;objet d&rsquo;une participation financi\u00e8re de 20 \u20ac &#8211; Les licenci\u00e9s d\u2019une structure sportive adh\u00e9rente \u00e0 un comit\u00e9 sportif affili\u00e9 au CDOS Gironde b\u00e9n\u00e9ficient d\u2019un tarif pr\u00e9f\u00e9rentiel (15\u20ac)<\/strong>.<\/p>\n\n\n\n<p class=\"wp-block-paragraph\"><strong>&nbsp;<\/strong><strong><\/strong><strong><\/strong><strong>26\/09\/2026 &#8211;&nbsp;<\/strong><a href=\"https:\/\/4oxqf.r.a.d.sendibm1.com\/mk\/cl\/f\/sh\/SMK1E8tHeFuBop1F5dBoirXsY92Y\/62ZTxXYRMsJ9\" target=\"_blank\" rel=\"noopener\"><strong><em>Tenir la comptabilit\u00e9 de son association &#8211; Niveau d\u00e9butant&nbsp;<\/em><\/strong><\/a><\/p>\n\n\n\n<p class=\"wp-block-paragraph\"><strong><em>(Module 3 Certif&rsquo;Asso)<\/em><\/strong><\/p>\n\n\n\n<ul class=\"wp-block-list\">\n<li>\u00c9tablir les documents comptables suivants :<\/li>\n\n\n\n<li>Budget pr\u00e9visionnel<\/li>\n\n\n\n<li>Compte de r\u00e9sultat<\/li>\n\n\n\n<li>Bilan<\/li>\n\n\n\n<li>Les pr\u00e9senter en Assembl\u00e9e G\u00e9n\u00e9rale<\/li>\n<\/ul>\n\n\n\n<p class=\"wp-block-paragraph\"><strong>10\/10\/2026 &#8211;&nbsp;<\/strong><a href=\"https:\/\/4oxqf.r.a.d.sendibm1.com\/mk\/cl\/f\/sh\/SMK1E8tHeG13GxqCGnLIogqcWRco\/7QygGewFfrey\" target=\"_blank\" rel=\"noopener\"><strong><em>Conna\u00eetre les risques judiciaires et prot\u00e9ger ses dirigeants<\/em><\/strong><\/a><\/p>\n\n\n\n<p class=\"wp-block-paragraph\"><strong><em>(Module 2 Certif&rsquo;Asso)<\/em><\/strong><\/p>\n\n\n\n<ul class=\"wp-block-list\">\n<li>Mieux identifier les diff\u00e9rents types de responsabilit\u00e9 de l&rsquo;association, des dirigeants et de ses membres<\/li>\n\n\n\n<li>Conna\u00eetre les obligations sp\u00e9cifiques aux associations sportives en mati\u00e8re de responsabilit\u00e9<\/li>\n\n\n\n<li>Savoir \u00e9valuer les risques et signer le bon contrat d&rsquo;assurance<\/li>\n\n\n\n<li>Mettre en place les proc\u00e9dures de pr\u00e9vention<\/li>\n<\/ul>\n\n\n\n<p class=\"wp-block-paragraph\"><strong>14\/11\/2026 &#8211;&nbsp;<\/strong><strong><em><a href=\"https:\/\/4oxqf.r.a.d.sendibm1.com\/mk\/cl\/f\/sh\/SMK1E8tHeG7uj6f9RxUmuW9MUkD4\/7uUJQeB8iYmO\" target=\"_blank\" rel=\"noopener\">G\u00e9rer et entretenir des relations avec les partenaires institutionnels et<\/a><\/em><\/strong><\/p>\n\n\n\n<p class=\"wp-block-paragraph\"><strong><em><a href=\"https:\/\/4oxqf.r.a.d.sendibm1.com\/mk\/cl\/f\/sh\/SMK1E8tHeGEmBFU6d7eH0LS6T2nK\/eAD-zSN0_dE-\" target=\"_blank\" rel=\"noopener\">l\u2019environnement de l\u2019association<\/a><\/em><\/strong><strong><\/strong><strong>(Module Optionnel Certif&rsquo;Asso)<\/strong><\/p>\n\n\n\n<ul class=\"wp-block-list\">\n<li>Mieux conna\u00eetre les partenaires institutionnels et leur organisation<\/li>\n\n\n\n<li>Conna\u00eetre leurs orientations politiques et priorit\u00e9s<\/li>\n\n\n\n<li>\u00c9laborer une strat\u00e9gie de communication partenariale coh\u00e9rente et efficace pour son association<\/li>\n<\/ul>\n\n\n\n<p class=\"wp-block-paragraph\"><strong>21\/11\/2026 &#8211;&nbsp;<\/strong><a href=\"https:\/\/4oxqf.r.a.d.sendibm1.com\/mk\/cl\/f\/sh\/SMK1E8tHeGLddOJ3oHnl6AkqRLNa\/vUwunFNm_-MV\" target=\"_blank\" rel=\"noopener\"><strong><em>Oser s\u2019impliquer ! Prise de parole en public<\/em><\/strong><\/a><\/p>\n\n\n\n<ul class=\"wp-block-list\">\n<li>Savoir appr\u00e9hender la prise de parole en public<\/li>\n\n\n\n<li>Analyse de la communication verbale et non verbale<\/li>\n\n\n\n<li>Renforcer mon impact aupr\u00e8s de mon auditoire<\/li>\n<\/ul>\n\n\n\n<p class=\"wp-block-paragraph\"><strong>05\/12\/2026 &#8211;&nbsp;<\/strong><a href=\"https:\/\/4oxqf.r.a.d.sendibm1.com\/mk\/cl\/f\/sh\/SMK1E8tHeGSV5X80zRxFC03aPdxq\/zlA0ywC0mQgb\" target=\"_blank\" rel=\"noopener\"><strong><em>Oser s\u2019impliquer ! Conduite de r\u00e9unions<\/em><\/strong><\/a><\/p>\n\n\n\n<ul class=\"wp-block-list\">\n<li>Apprendre \u00e0 conduire une r\u00e9union<\/li>\n\n\n\n<li>Organiser et animer une r\u00e9union efficace : Principes des r\u00e9unions, Techniques d\u2019animation, r\u00e9daction des Comptes Rendus<\/li>\n<\/ul>\n\n\n\n<p class=\"wp-block-paragraph\"><strong>12\/12\/2026 &#8211;&nbsp;<\/strong><a href=\"https:\/\/4oxqf.r.a.d.sendibm1.com\/mk\/cl\/f\/sh\/SMK1E8tHeGZMXfwyAc6jHpMKNwY6\/mFaeQT4hJElf\" target=\"_blank\" rel=\"noopener\"><strong><em>Tenir la comptabilit\u00e9 de son association &#8211; Niveau confirm\u00e9<\/em><\/strong><strong><\/strong><\/a><\/p>\n\n\n\n<ul class=\"wp-block-list\">\n<li>R\u00e9aliser et analyser un compte de r\u00e9sultat<\/li>\n\n\n\n<li>R\u00e9aliser et analyser un bilan<\/li>\n<\/ul>\n\n\n\n<p class=\"wp-block-paragraph\"><strong>09\/01\/2027 &#8211;&nbsp;<\/strong><a href=\"https:\/\/4oxqf.r.a.d.sendibm1.com\/mk\/cl\/f\/sh\/SMK1E8tHeGgDzolvLmGDNef4MF8M\/S54zrm-82ixn\" target=\"_blank\" rel=\"noopener\"><strong><em>Recruter et fid\u00e9liser ses b\u00e9n\u00e9voles<\/em><\/strong><\/a>&nbsp;<strong><em>(Module 4 Certif&rsquo;Asso)<\/em><\/strong><\/p>\n\n\n\n<ul class=\"wp-block-list\">\n<li>Bien appr\u00e9hender les caract\u00e9ristiques et la dimension des b\u00e9n\u00e9voles<\/li>\n\n\n\n<li>Animer une \u00e9quipe de b\u00e9n\u00e9voles afin de les fid\u00e9liser et les valoriser<\/li>\n\n\n\n<li>Susciter et entretenir la motivation<\/li>\n<\/ul>\n\n\n\n<p class=\"wp-block-paragraph\"><strong>16\/01\/2027 &#8211;&nbsp;<\/strong><a href=\"https:\/\/4oxqf.r.a.d.sendibm1.com\/mk\/cl\/f\/sh\/SMK1E8tHeGn5RxasWwPhTTxoKXic\/bhPriRD4oYAu\" target=\"_blank\" rel=\"noopener\"><strong><em>Pr\u00e9venir et lutter contre les violences dans le sport<\/em><\/strong><\/a><\/p>\n\n\n\n<ul class=\"wp-block-list\">\n<li>Acqu\u00e9rir des connaissances de bases sur la l\u00e9gislation et le contexte d\u2019apparition des violences<\/li>\n\n\n\n<li>Apporter des cl\u00e9s pour savoir comment et quand agir pour pr\u00e9venir et\/ou lutter contre les violences<\/li>\n\n\n\n<li>Partir des exp\u00e9riences v\u00e9cues ou entendues pour apporter des solutions personnalis\u00e9es<\/li>\n<\/ul>\n\n\n\n<p class=\"wp-block-paragraph\"><strong>30\/01\/2027 &#8211;&nbsp;<\/strong><a href=\"https:\/\/4oxqf.r.a.d.sendibm1.com\/mk\/cl\/f\/sh\/SMK1E8tHeGtwu6Ppi6ZBZJGYIqIs\/y_fAPUqanOk5\" target=\"_blank\" rel=\"noopener\"><strong><em>\u00catre ou devenir employeur : Relations Employeur \/ Salari\u00e9 \/ B\u00e9n\u00e9vole<\/em><\/strong><\/a><\/p>\n\n\n\n<ul class=\"wp-block-list\">\n<li>Cerner les sp\u00e9cificit\u00e9s du management dans le cadre d\u2019une structure associative<\/li>\n\n\n\n<li>Am\u00e9liorer sa connaissance de la fonction employeur<\/li>\n\n\n\n<li>Identifier les situations n\u00e9cessitant une intervention de type manag\u00e9rial<\/li>\n<\/ul>\n\n\n\n<p class=\"wp-block-paragraph\"><strong>06\/02\/2027 &#8211;&nbsp;<\/strong><strong><em><a href=\"https:\/\/4oxqf.r.a.d.sendibm1.com\/mk\/cl\/f\/sh\/1t6Af4OiGsDhYHezr2nd5vXTzkgoBG\/1-bNPHIGgj73\" target=\"_blank\" rel=\"noopener\">Accueillir des personnes en situation de handicap : D\u00e9ficience mentale et<\/a><\/em><\/strong><\/p>\n\n\n\n<p class=\"wp-block-paragraph\"><strong><em><a href=\"https:\/\/4oxqf.r.a.d.sendibm1.com\/mk\/cl\/f\/sh\/1t6Af4OiGsE9szrQFOtYGBbJNZfXtK\/dc20Ie2ePKw1\" target=\"_blank\" rel=\"noopener\">psychique<\/a><\/em><\/strong><\/p>\n\n\n\n<ul class=\"wp-block-list\">\n<li>Acqu\u00e9rir des connaissances r\u00e9investissables sur les publics relevant de la d\u00e9l\u00e9gation FFSA (F\u00e9d\u00e9ration Fran\u00e7aise de Sport Adapt\u00e9) : personnes d\u00e9ficientes intellectuelles ou atteintes de troubles psychiques<\/li>\n\n\n\n<li>Conna\u00eetre les structures relevant du champ de l\u2019action sociale, m\u00e9dico-sociale et de la sant\u00e9 mentale<\/li>\n\n\n\n<li>Choisir des d\u00e9marches d\u2019interventions et s\u2019interroger sur ses conceptions \u00e9ducatives, en partant des besoins singuliers des publics pour une plus grande autonomie (contexte de la pratique d\u2019APS et de leur environnement)<\/li>\n<\/ul>\n\n\n\n<p class=\"wp-block-paragraph\"><strong>06\/03\/2027 &#8211;&nbsp;<\/strong><strong><em><a href=\"https:\/\/4oxqf.r.a.d.sendibm1.com\/mk\/cl\/f\/sh\/1t6Af4OiGsEcDi3qdkzTQRf8lOeHbO\/j4gEQwi4ceAH\" target=\"_blank\" rel=\"noopener\">Accueillir des personnes en situation de handicap : D\u00e9ficience moteur et<\/a><\/em><\/strong><\/p>\n\n\n\n<p class=\"wp-block-paragraph\"><strong><em><a href=\"https:\/\/4oxqf.r.a.d.sendibm1.com\/mk\/cl\/f\/sh\/1t6Af4OiGsF4YQGH275Oahiy9Dd1JS\/_G7KBxTfqnEE\" target=\"_blank\" rel=\"noopener\">sensorielle (sourds et d\u00e9ficients visuels)<\/a><\/em><\/strong><\/p>\n\n\n\n<ul class=\"wp-block-list\">\n<li>Acqu\u00e9rir des connaissances de bases en vue de l\u2019accueil des personnes handicap\u00e9es : handicaps, accessibilit\u00e9, autonomie et s\u00e9curit\u00e9<\/li>\n\n\n\n<li>Savoir adapter une activit\u00e9 sportive : mat\u00e9riels, moyens et d\u00e9marches \u00e0 suivre<\/li>\n\n\n\n<li>Conna\u00eetre la F\u00e9d\u00e9ration Fran\u00e7aise Handisport, son organisation et ses finalit\u00e9s<\/li>\n<\/ul>\n\n\n\n<p class=\"wp-block-paragraph\"><strong>13\/03\/2027 &#8211;&nbsp;<\/strong><strong><em><a href=\"https:\/\/4oxqf.r.a.d.sendibm1.com\/mk\/cl\/f\/sh\/1t6Af4OiGsFWt8ShQTBJkxmnX2bl1W\/CWqS6jm8gCbr\" target=\"_blank\" rel=\"noopener\">Conna\u00eetre la fonction employeur : Contrats de travail, Convention Collective,<\/a><\/em><\/strong><\/p>\n\n\n\n<p class=\"wp-block-paragraph\"><strong><em><a href=\"https:\/\/4oxqf.r.a.d.sendibm1.com\/mk\/cl\/f\/sh\/1t6Af4OiGsFzDqf7opHEvDqcuraUja\/oYb7wdK_edfx\" target=\"_blank\" rel=\"noopener\">Droit du travail<\/a><\/em><\/strong><strong><\/strong><strong>(Module Optionnel Certif&rsquo;Asso)<\/strong><\/p>\n\n\n\n<ul class=\"wp-block-list\">\n<li>Conna\u00eetre les bases du droit du travail \u2013 Choisir une Convention Collective<\/li>\n\n\n\n<li>Lire la Convention Collective Nationale du Sport<\/li>\n\n\n\n<li>Conna\u00eetre les d\u00e9marches obligatoires en mati\u00e8re d\u2019embauche<\/li>\n\n\n\n<li>Conna\u00eetre les adresses et sites internet \u00ab ressources \u00bb<\/li>\n<\/ul>\n\n\n\n<p class=\"wp-block-paragraph\"><strong>03\/04\/2027 &#8211;&nbsp;<\/strong><strong><em><a href=\"https:\/\/4oxqf.r.a.d.sendibm1.com\/mk\/cl\/f\/sh\/1t6Af4OiGsGRYYrYDBNA5TuSIgZERe\/eujjCuTtN-m2\" target=\"_blank\" rel=\"noopener\">G\u00e9rer ses salari\u00e9s : bulletin de salaire, obligations de l\u2019employeur, URSSAF,<\/a><\/em><\/strong><\/p>\n\n\n\n<p class=\"wp-block-paragraph\"><strong><em><a href=\"https:\/\/4oxqf.r.a.d.sendibm1.com\/mk\/cl\/f\/sh\/1t6Af4OiGsGttH3ybXT5FjyHgVXy9i\/OhCwcHa4Wz6l\" target=\"_blank\" rel=\"noopener\">OPCO<\/a><\/em><\/strong><strong><\/strong><strong>(Module Optionnel Certif&rsquo;Asso)<\/strong><\/p>\n\n\n\n<ul class=\"wp-block-list\">\n<li>G\u00e9rer comptablement des salari\u00e9s (bulletin de salaire, cotisations sociales et autres obligations)<\/li>\n\n\n\n<li>G\u00e9rer comptablement la vie et la fin d\u2019un contrat de travail<\/li>\n<\/ul>\n\n\n\n<p class=\"wp-block-paragraph\"><strong>22\/05\/2027 &#8211;&nbsp;<\/strong><a href=\"https:\/\/4oxqf.r.a.d.sendibm1.com\/mk\/cl\/f\/sh\/1t6Af4OiGsHMDzGOztZ0Q0274KWhrm\/ImdgnHXDjXV_\" target=\"_blank\" rel=\"noopener\"><strong><em>Trouver des financements priv\u00e9s : Partenariat \/ M\u00e9c\u00e9nat \/ Sponsoring<\/em><\/strong><\/a><\/p>\n\n\n\n<p class=\"wp-block-paragraph\"><strong><em>(Module 3 Certif&rsquo;Asso)<\/em><\/strong><\/p>\n\n\n\n<ul class=\"wp-block-list\">\n<li>Avoir une vision globale du m\u00e9c\u00e9nat et du sponsoring<\/li>\n\n\n\n<li>Conna\u00eetre les r\u00e8gles juridiques et fiscales en fonction du type de partenariat (sponsoring ou m\u00e9c\u00e9nat)<\/li>\n\n\n\n<li>Conna\u00eetre les avantages et inconv\u00e9nients de chaque dispositif au service du d\u00e9veloppement de son projet<\/li>\n\n\n\n<li>\u00catre en capacit\u00e9 de se lancer dans un processus de financement priv\u00e9<\/li>\n<\/ul>\n\n\n\n<p class=\"wp-block-paragraph\"><strong>29\/05\/2027 &#8211;&nbsp;<\/strong><a href=\"https:\/\/4oxqf.r.a.d.sendibm1.com\/mk\/cl\/f\/sh\/1t6Af4OiGsHoYhSpOFevaG5wS9VRZq\/_1irZKJdPEdY\" target=\"_blank\" rel=\"noopener\"><strong><em>B\u00e2tir sa strat\u00e9gie de communication<\/em><\/strong><\/a>&nbsp;<strong>(Module Optionnel Certif&rsquo;Asso)<\/strong><\/p>\n\n\n\n<ul class=\"wp-block-list\">\n<li>S&rsquo;initier aux bonnes pratiques, aux usages et aux r\u00e8gles de base de la communication<\/li>\n\n\n\n<li>Former les participants \u00e0 un premier niveau d&rsquo;analyse d&rsquo;une strat\u00e9gie de communication<\/li>\n<\/ul>\n\n\n\n<p class=\"wp-block-paragraph\"><strong>05\/06\/2027 &#8211;&nbsp;<\/strong><a href=\"https:\/\/4oxqf.r.a.d.sendibm1.com\/mk\/cl\/f\/sh\/1t6Af4OiGsDhf978fzynFPdJIUf6lW\/r4elOHu7GDfC\" target=\"_blank\" rel=\"noopener\"><strong><em>Conna\u00eetre et utiliser les r\u00e9seaux sociaux<\/em><\/strong><\/a>&nbsp;<strong>(Module Optionnel Certif&rsquo;Asso)<\/strong><\/p>\n\n\n\n<ul class=\"wp-block-list\">\n<li>Int\u00e9grer les R\u00e9seaux Sociaux dans sa strat\u00e9gie de communication<\/li>\n\n\n\n<li>S\u2019interroger sur l\u2019opportunit\u00e9 d\u2019inscrire son association sur les r\u00e9seaux sociaux<\/li>\n\n\n\n<li>S&rsquo;approprier et utiliser les R\u00e9seaux Sociaux<\/li>\n\n\n\n<li>Savoir g\u00e9rer sa e-r\u00e9putation : communiquer en prot\u00e9geant son association<\/li>\n<\/ul>\n\n\n\n<p class=\"wp-block-paragraph\"><strong>19\/06\/2027 &#8211;&nbsp;<\/strong><a href=\"https:\/\/4oxqf.r.a.d.sendibm1.com\/mk\/cl\/f\/sh\/1t6Af4OiGsE9zrJZ4M4iPfh8gJdqTa\/KbAu-S1qJ5Pt\" target=\"_blank\" rel=\"noopener\"><strong><em>Cr\u00e9er son site internet (strat\u00e9gie, enjeux)<\/em><\/strong><\/a>&nbsp;<strong>(Module Optionnel Certif&rsquo;Asso)<\/strong><\/p>\n\n\n\n<ul class=\"wp-block-list\">\n<li>\u00c9laborer une strat\u00e9gie de communication coh\u00e9rente et efficace pour son association<\/li>\n\n\n\n<li>S&rsquo;approprier les nouveaux outils de communication existants et adapt\u00e9s \u00e0 son association<\/li>\n\n\n\n<li>Savoir g\u00e9rer sa e-r\u00e9putation : communiquer en prot\u00e9geant son association<\/li>\n<\/ul>\n\n\n\n<p class=\"wp-block-paragraph\"><strong>26\/06\/202<\/strong><strong>7 &#8211;&nbsp;<\/strong><a href=\"https:\/\/4oxqf.r.a.d.sendibm1.com\/mk\/cl\/f\/sh\/1t6Af4OiGsEcKZVzSiAdZvky48caBe\/9D_6xCfuLESt\" target=\"_blank\" rel=\"noopener\"><strong>Gestion des conflits \/ m\u00e9diation<\/strong><\/a><strong>&nbsp;<\/strong><strong>(Module Optionnel Certif&rsquo;Asso)<\/strong><\/p>\n\n\n\n<ul class=\"wp-block-list\">\n<li>Comprendre les m\u00e9canismes d\u2019un conflit<\/li>\n\n\n\n<li>Utiliser des outils simples de d\u00e9sescalade<\/li>\n\n\n\n<li>Appr\u00e9hender une m\u00e9thode de m\u00e9diation<\/li>\n<\/ul>\n\n\n\n<p class=\"wp-block-paragraph\"><strong><a href=\"https:\/\/4oxqf.r.a.d.sendibm1.com\/mk\/cl\/f\/sh\/1t6Af4OiGsF4fHiPr4GYkBonRxbJti\/sE2x-2yYKyYp\" target=\"_blank\" rel=\"noopener\"><\/a><\/strong><br><strong><a href=\"https:\/\/4oxqf.r.a.d.sendibm1.com\/mk\/cl\/f\/sh\/1t6Af4OiGsFWzzuqFQMTuRscpma3bm\/JDinz34S4frc\" target=\"_blank\" rel=\"noopener\">Formation CERTIF&rsquo;ASSO (anciennement CFGA)&nbsp;<\/a><\/strong><\/p>\n\n\n\n<p class=\"wp-block-paragraph\"><strong><\/strong>Le Certif&rsquo;Asso a pour but de professionnaliser les b\u00e9n\u00e9voles souhaitant s&rsquo;investir dans la gestion d&rsquo;une structure associative.<\/p>\n\n\n\n<p class=\"wp-block-paragraph\"><strong>Infos et inscriptions : Olivier GRIN &#8211; 07.84.71.69.68 &#8211;&nbsp;<a href=\"mailto:oliviergrin@franceolympique.com\" target=\"_blank\" rel=\"noopener\">oliviergrin@franceolympique.<wbr>com<\/a><\/strong><\/p>\n\n\n\n<p class=\"wp-block-paragraph\"><strong>En attente de date<\/strong><\/p>\n\n\n\n<p class=\"wp-block-paragraph\"><strong>&#8211;&nbsp;<em>Compte ASSO &#8211; Guide pratique pour les dossiers de subventions (en VISIO)<\/em><\/strong><\/p>\n\n\n\n<ul class=\"wp-block-list\">\n<li>Permettre aux membres d&rsquo;associations de comprendre et de ma\u00eetriser l&rsquo;utilisation du Compte ASSO pour la gestion et la soumission des dossiers de subventions.<\/li>\n<\/ul>\n\n\n\n<p class=\"wp-block-paragraph\"><strong>&#8211;&nbsp;<em>Organisation du Sport en France (en VISIO)<\/em><\/strong><\/p>\n\n\n\n<ul class=\"wp-block-list\">\n<li>Comment est organis\u00e9 le sport en France<\/li>\n\n\n\n<li>Les diff\u00e9rentes organisations sportives<\/li>\n<\/ul>\n\n\n\n<p class=\"wp-block-paragraph\"><strong>&#8211;&nbsp;<\/strong><strong><em>Sensibilisation Sport Sant\u00e9 Bien \u00catre &amp; Sport sur Ordonnance<\/em><\/strong><\/p>\n\n\n\n<ul class=\"wp-block-list\">\n<li>Pr\u00e9senter le contexte et d\u00e9finir le Sport Sant\u00e9 et le Sport sur Ordonnance<\/li>\n\n\n\n<li>Pr\u00e9senter le Plan Sport Sant\u00e9 Bien \u00catre National<\/li>\n\n\n\n<li>Pr\u00e9senter le dispositif Sport Sur Ordonnance en Nouvelle-Aquitaine et la dynamique en Gironde<\/li>\n\n\n\n<li>Informer sur les partenariats \u00e0 solliciter<\/li>\n\n\n\n<li>Conseiller les structures dans le d\u00e9veloppement de projets Sport Sant\u00e9 et l\u2019accueil du public \u00e9loign\u00e9 du pratique porteur de pathologie ou non<\/li>\n<\/ul>\n\n\n\n<p class=\"wp-block-paragraph\"><strong>&#8211;&nbsp;<em>Favoriser l&rsquo;inclusion dans mon club, avec le GIROFARD<\/em><\/strong><\/p>\n\n\n\n<ul class=\"wp-block-list\">\n<li>Identifier les freins possibles \u00e0 l\u2019inclusion dans mon club, savoir comment accueillir chaque licenci.\u00e9.e.s souhaitant faire une pratique sportive<\/li>\n<\/ul>\n\n\n\n<p class=\"wp-block-paragraph\"><strong>&#8211;&nbsp;<em>Pr\u00e9venir et lutter contre les violences dans mon club (en VISIO)<\/em><\/strong><\/p>\n\n\n\n<ul class=\"wp-block-list\">\n<li>Acqu\u00e9rir des connaissances de bases sur la l\u00e9gislation et le contexte d\u2019apparition des violences<\/li>\n\n\n\n<li>Apporter des cl\u00e9s pour savoir comment et quand agir pour pr\u00e9venir et\/ou lutter contre les violences<\/li>\n\n\n\n<li>Partir des exp\u00e9riences v\u00e9cues ou entendues pour apporter des solutions personnalis\u00e9es<\/li>\n<\/ul>\n\n\n\n<p class=\"wp-block-paragraph\"><strong><u>Lieu des formations&nbsp;<\/u><\/strong><strong>:&nbsp;<\/strong><\/p>\n\n\n\n<p class=\"wp-block-paragraph\"><strong>Maison D\u00e9partementale des Sports et de la Vie Associative (MDSVA)<\/strong><\/p>\n\n\n\n<p class=\"wp-block-paragraph\">153 Rue David Johnston 33000 BORDEAUX<\/p>\n\n\n\n<p class=\"wp-block-paragraph\">Tram D : Barri\u00e8re du M\u00e9doc<\/p>\n\n\n\n<p class=\"wp-block-paragraph\">Bus : arr\u00eat Barri\u00e8re du M\u00e9doc, Labotti\u00e8re<\/p>\n\n\n\n<p class=\"wp-block-paragraph\"><strong><u>Vos contacts :<\/u><\/strong><\/p>\n\n\n\n<p class=\"wp-block-paragraph\">Olivier GRIN : 07 84 71 69 68<\/p>\n\n\n\n<p class=\"wp-block-paragraph\">Olivier MOURELON : 05 56 00 99 05<\/p>\n\n\n\n<p class=\"wp-block-paragraph\"><a href=\"mailto:gironde@franceolympique.com\" target=\"_blank\" rel=\"noopener\">gironde@franceolympique.com<\/a><\/p>\n\n\n\n<p class=\"wp-block-paragraph\">N\u2019h\u00e9sitez pas \u00e0 vous inscrire, et&nbsp;<strong>merci de relayer ces informations et ce mail autour de vous !<\/strong><\/p>\n\n\n\n<p class=\"wp-block-paragraph\">Sportivement,<\/p>\n\n\n\n<p class=\"wp-block-paragraph\">Le CDOS Gironde &#8211; 05.56.00.99.05 &#8211;&nbsp;<a href=\"mailto:gironde@franceolympique.com\" target=\"_blank\" rel=\"noopener\">gironde@franceolympique.com<\/a><\/p>\n\n\n\n<p class=\"wp-block-paragraph\"><\/p>\n","protected":false},"excerpt":{"rendered":"<p>Le CDOS Gironde propose des formations vari\u00e9es,&nbsp;destin\u00e9es aux associations sportives et non sportives, pour les b\u00e9n\u00e9voles, les dirigeants, les salari\u00e9s\u2026 Le calendrier et programme de l\u2019ensemble des formations propos\u00e9es pour la saison 2026\/2027&nbsp;vous sont pr\u00e9sent\u00e9s ci-dessous. D\u00e9tails et inscriptions OBLIGATOIRES en ligne&nbsp;:&nbsp; Cliquez sur le titre de la th\u00e9matique&nbsp;(un lien Internet ouvrira la page de [&hellip;]<\/p>\n","protected":false},"author":2,"featured_media":0,"comment_status":"open","ping_status":"open","sticky":false,"template":"","format":"standard","meta":{"footnotes":""},"categories":[18],"tags":[],"class_list":["post-1036","post","type-post","status-publish","format-standard","hentry","category-formation"],"blocksy_meta":{"styles_descriptor":{"styles":{"desktop":"","tablet":"","mobile":""},"google_fonts":[],"version":7}},"_links":{"self":[{"href":"https:\/\/cdje33.fr\/index.php\/wp-json\/wp\/v2\/posts\/1036","targetHints":{"allow":["GET"]}}],"collection":[{"href":"https:\/\/cdje33.fr\/index.php\/wp-json\/wp\/v2\/posts"}],"about":[{"href":"https:\/\/cdje33.fr\/index.php\/wp-json\/wp\/v2\/types\/post"}],"author":[{"embeddable":true,"href":"https:\/\/cdje33.fr\/index.php\/wp-json\/wp\/v2\/users\/2"}],"replies":[{"embeddable":true,"href":"https:\/\/cdje33.fr\/index.php\/wp-json\/wp\/v2\/comments?post=1036"}],"version-history":[{"count":1,"href":"https:\/\/cdje33.fr\/index.php\/wp-json\/wp\/v2\/posts\/1036\/revisions"}],"predecessor-version":[{"id":1037,"href":"https:\/\/cdje33.fr\/index.php\/wp-json\/wp\/v2\/posts\/1036\/revisions\/1037"}],"wp:attachment":[{"href":"https:\/\/cdje33.fr\/index.php\/wp-json\/wp\/v2\/media?parent=1036"}],"wp:term":[{"taxonomy":"category","embeddable":true,"href":"https:\/\/cdje33.fr\/index.php\/wp-json\/wp\/v2\/categories?post=1036"},{"taxonomy":"post_tag","embeddable":true,"href":"https:\/\/cdje33.fr\/index.php\/wp-json\/wp\/v2\/tags?post=1036"}],"curies":[{"name":"wp","href":"https:\/\/api.w.org\/{rel}","templated":true}]}}